{"id":675,"date":"2023-01-10T17:38:53","date_gmt":"2023-01-10T17:38:53","guid":{"rendered":"https:\/\/particularuniversal.pt\/?p=675"},"modified":"2023-01-10T17:55:06","modified_gmt":"2023-01-10T17:55:06","slug":"open-call-para-artistas-em-residencia-em-castro-marim","status":"publish","type":"post","link":"https:\/\/particularuniversal.pt\/en\/open-call-para-artistas-em-residencia-em-castro-marim\/","title":{"rendered":"Open Call for artists in residency at Castro Marim"},"content":{"rendered":"<p>The Open Call has started, until the 31st of January, for artists in residency at Castro Marim, under the scope of the project Particular Universal.&nbsp;<\/p>\n\n\n\n<p>We accept proposals submitted by individual artists or artistic duos whose work is largely in the area of Music and Sound, and who show an interest in working, via those means, under the main themes of the project: Identity, Memory and Landscape.<\/p>\n\n\n\n<p>Artists who are interested must be available between March and July, for an average length of 12 days, and the work developed must be presented publicly.<\/p>\n\n\n\n<p class=\" translation-block\">The conditions, themes and the form for submission of the proposal can be found on the page of the project (all information is found in English, but the form can also be filled in Portuguese). The page can be accessed here: <a href=\"https:\/\/particularuniversal.pt\/opencall\" target=\"_self\">https:\/\/particularuniversal.pt\/opencall<\/a><\/p>","protected":false},"excerpt":{"rendered":"<p>Est\u00e1 aberta, at\u00e9 31 de Janeiro,&nbsp;Open Call&nbsp;para artistas em resid\u00eancia em Castro Marim, no \u00e2mbito do projeto Particular Universal.&nbsp; Aceitamos propostas de artistas individuais ou duplas art\u00edsticas cujo trabalho seja maioritariamente na \u00e1rea da M\u00fasica e do Som, e que demonstrem interesse em trabalhar, por essa via, os principais temas do projeto: Identidade, Mem\u00f3ria e [&hellip;]<\/p>","protected":false},"author":2,"featured_media":672,"comment_status":"closed","ping_status":"closed","sticky":false,"template":"","format":"standard","meta":{"footnotes":""},"categories":[7],"tags":[],"class_list":["post-675","post","type-post","status-publish","format-standard","has-post-thumbnail","hentry","category-noticias"],"acf":[],"yoast_head":"<!-- This site is optimized with the Yoast SEO plugin v20.13 - https:\/\/yoast.com\/wordpress\/plugins\/seo\/ -->\n<title>Open Call para artistas em resid\u00eancia em Castro Marim - Particular Universal - Associa&ccedil;&atilde;o<\/title>\n<meta name=\"robots\" content=\"index, follow, max-snippet:-1, max-image-preview:large, max-video-preview:-1\" \/>\n<link rel=\"canonical\" href=\"https:\/\/particularuniversal.pt\/en\/open-call-para-artistas-em-residencia-em-castro-marim\/\" \/>\n<meta property=\"og:locale\" content=\"en_US\" \/>\n<meta property=\"og:type\" content=\"article\" \/>\n<meta property=\"og:title\" content=\"Open Call para artistas em resid\u00eancia em Castro Marim - Particular Universal - Associa&ccedil;&atilde;o\" \/>\n<meta property=\"og:description\" content=\"Est\u00e1 aberta, at\u00e9 31 de Janeiro,&nbsp;Open Call&nbsp;para artistas em resid\u00eancia em Castro Marim, no \u00e2mbito do projeto Particular Universal.&nbsp; Aceitamos propostas de artistas individuais ou duplas art\u00edsticas cujo trabalho seja maioritariamente na \u00e1rea da M\u00fasica e do Som, e que demonstrem interesse em trabalhar, por essa via, os principais temas do projeto: Identidade, Mem\u00f3ria e [&hellip;]\" \/>\n<meta property=\"og:url\" content=\"https:\/\/particularuniversal.pt\/en\/open-call-para-artistas-em-residencia-em-castro-marim\/\" \/>\n<meta property=\"og:site_name\" content=\"Particular Universal - Associa&ccedil;&atilde;o\" \/>\n<meta property=\"article:publisher\" content=\"https:\/\/www.facebook.com\/particularuniversal\" \/>\n<meta property=\"article:published_time\" content=\"2023-01-10T17:38:53+00:00\" \/>\n<meta property=\"article:modified_time\" content=\"2023-01-10T17:55:06+00:00\" \/>\n<meta property=\"og:image\" content=\"https:\/\/particularuniversal.pt\/wp-content\/uploads\/2023\/01\/21-10-35-39-F80-Portra-400-30-1.jpg\" \/>\n\t<meta property=\"og:image:width\" content=\"2013\" \/>\n\t<meta property=\"og:image:height\" content=\"1359\" \/>\n\t<meta property=\"og:image:type\" content=\"image\/jpeg\" \/>\n<meta name=\"author\" content=\"Tiago Franco\" \/>\n<meta name=\"twitter:card\" content=\"summary_large_image\" \/>\n<meta name=\"twitter:label1\" content=\"Written by\" \/>\n\t<meta name=\"twitter:data1\" content=\"Tiago Franco\" \/>\n\t<meta name=\"twitter:label2\" content=\"Est. reading time\" \/>\n\t<meta name=\"twitter:data2\" content=\"1 minute\" \/>\n<script type=\"application\/ld+json\" class=\"yoast-schema-graph\">{\"@context\":\"https:\/\/schema.org\",\"@graph\":[{\"@type\":\"Article\",\"@id\":\"https:\/\/particularuniversal.pt\/open-call-para-artistas-em-residencia-em-castro-marim\/#article\",\"isPartOf\":{\"@id\":\"https:\/\/particularuniversal.pt\/open-call-para-artistas-em-residencia-em-castro-marim\/\"},\"author\":{\"name\":\"Tiago Franco\",\"@id\":\"https:\/\/particularuniversal.pt\/#\/schema\/person\/8c4f738d1703d5c6a91abdecbeac929e\"},\"headline\":\"Open Call para artistas em resid\u00eancia em Castro Marim\",\"datePublished\":\"2023-01-10T17:38:53+00:00\",\"dateModified\":\"2023-01-10T17:55:06+00:00\",\"mainEntityOfPage\":{\"@id\":\"https:\/\/particularuniversal.pt\/open-call-para-artistas-em-residencia-em-castro-marim\/\"},\"wordCount\":151,\"publisher\":{\"@id\":\"https:\/\/particularuniversal.pt\/#organization\"},\"articleSection\":[\"Not\u00edcias\"],\"inLanguage\":\"en-US\"},{\"@type\":\"WebPage\",\"@id\":\"https:\/\/particularuniversal.pt\/open-call-para-artistas-em-residencia-em-castro-marim\/\",\"url\":\"https:\/\/particularuniversal.pt\/open-call-para-artistas-em-residencia-em-castro-marim\/\",\"name\":\"Open Call para artistas em resid\u00eancia em Castro Marim - Particular Universal - Associa&ccedil;&atilde;o\",\"isPartOf\":{\"@id\":\"https:\/\/particularuniversal.pt\/#website\"},\"datePublished\":\"2023-01-10T17:38:53+00:00\",\"dateModified\":\"2023-01-10T17:55:06+00:00\",\"breadcrumb\":{\"@id\":\"https:\/\/particularuniversal.pt\/open-call-para-artistas-em-residencia-em-castro-marim\/#breadcrumb\"},\"inLanguage\":\"en-US\",\"potentialAction\":[{\"@type\":\"ReadAction\",\"target\":[\"https:\/\/particularuniversal.pt\/open-call-para-artistas-em-residencia-em-castro-marim\/\"]}]},{\"@type\":\"BreadcrumbList\",\"@id\":\"https:\/\/particularuniversal.pt\/open-call-para-artistas-em-residencia-em-castro-marim\/#breadcrumb\",\"itemListElement\":[{\"@type\":\"ListItem\",\"position\":1,\"name\":\"In\u00edcio\",\"item\":\"https:\/\/particularuniversal.pt\/\"},{\"@type\":\"ListItem\",\"position\":2,\"name\":\"Open Call para artistas em resid\u00eancia em Castro Marim\"}]},{\"@type\":\"WebSite\",\"@id\":\"https:\/\/particularuniversal.pt\/#website\",\"url\":\"https:\/\/particularuniversal.pt\/\",\"name\":\"Particular Universal - Associa&ccedil;&atilde;o\",\"description\":\"Identidade, Paisagem, Mem\u00f3ria, em Castro Marim\",\"publisher\":{\"@id\":\"https:\/\/particularuniversal.pt\/#organization\"},\"potentialAction\":[{\"@type\":\"SearchAction\",\"target\":{\"@type\":\"EntryPoint\",\"urlTemplate\":\"https:\/\/particularuniversal.pt\/?s={search_term_string}\"},\"query-input\":\"required name=search_term_string\"}],\"inLanguage\":\"en-US\"},{\"@type\":\"Organization\",\"@id\":\"https:\/\/particularuniversal.pt\/#organization\",\"name\":\"Particular Universal\",\"url\":\"https:\/\/particularuniversal.pt\/\",\"logo\":{\"@type\":\"ImageObject\",\"inLanguage\":\"en-US\",\"@id\":\"https:\/\/particularuniversal.pt\/#\/schema\/logo\/image\/\",\"url\":\"https:\/\/particularuniversal.pt\/wp-content\/uploads\/2021\/12\/cropped-Asset-5.png\",\"contentUrl\":\"https:\/\/particularuniversal.pt\/wp-content\/uploads\/2021\/12\/cropped-Asset-5.png\",\"width\":512,\"height\":512,\"caption\":\"Particular Universal\"},\"image\":{\"@id\":\"https:\/\/particularuniversal.pt\/#\/schema\/logo\/image\/\"},\"sameAs\":[\"https:\/\/www.facebook.com\/particularuniversal\",\"https:\/\/www.instagram.com\/particularuniversal\/\"]},{\"@type\":\"Person\",\"@id\":\"https:\/\/particularuniversal.pt\/#\/schema\/person\/8c4f738d1703d5c6a91abdecbeac929e\",\"name\":\"Tiago Franco\",\"image\":{\"@type\":\"ImageObject\",\"inLanguage\":\"en-US\",\"@id\":\"https:\/\/particularuniversal.pt\/#\/schema\/person\/image\/\",\"url\":\"https:\/\/secure.gravatar.com\/avatar\/1d8c94261df7cb74f8eebbbabc37a0d6cda41b5790d5bf58f5c7200fa50d49a8?s=96&d=mm&r=g\",\"contentUrl\":\"https:\/\/secure.gravatar.com\/avatar\/1d8c94261df7cb74f8eebbbabc37a0d6cda41b5790d5bf58f5c7200fa50d49a8?s=96&d=mm&r=g\",\"caption\":\"Tiago Franco\"},\"url\":\"https:\/\/particularuniversal.pt\/en\/author\/tiago\/\"}]}<\/script>\n<!-- \/ Yoast SEO plugin. -->","yoast_head_json":{"title":"Open Call para artistas em resid\u00eancia em Castro Marim - Particular Universal - Associa&ccedil;&atilde;o","robots":{"index":"index","follow":"follow","max-snippet":"max-snippet:-1","max-image-preview":"max-image-preview:large","max-video-preview":"max-video-preview:-1"},"canonical":"https:\/\/particularuniversal.pt\/en\/open-call-para-artistas-em-residencia-em-castro-marim\/","og_locale":"en_US","og_type":"article","og_title":"Open Call para artistas em resid\u00eancia em Castro Marim - Particular Universal - Associa&ccedil;&atilde;o","og_description":"Est\u00e1 aberta, at\u00e9 31 de Janeiro,&nbsp;Open Call&nbsp;para artistas em resid\u00eancia em Castro Marim, no \u00e2mbito do projeto Particular Universal.&nbsp; Aceitamos propostas de artistas individuais ou duplas art\u00edsticas cujo trabalho seja maioritariamente na \u00e1rea da M\u00fasica e do Som, e que demonstrem interesse em trabalhar, por essa via, os principais temas do projeto: Identidade, Mem\u00f3ria e [&hellip;]","og_url":"https:\/\/particularuniversal.pt\/en\/open-call-para-artistas-em-residencia-em-castro-marim\/","og_site_name":"Particular Universal - Associa&ccedil;&atilde;o","article_publisher":"https:\/\/www.facebook.com\/particularuniversal","article_published_time":"2023-01-10T17:38:53+00:00","article_modified_time":"2023-01-10T17:55:06+00:00","og_image":[{"width":2013,"height":1359,"url":"https:\/\/particularuniversal.pt\/wp-content\/uploads\/2023\/01\/21-10-35-39-F80-Portra-400-30-1.jpg","type":"image\/jpeg"}],"author":"Tiago Franco","twitter_card":"summary_large_image","twitter_misc":{"Written by":"Tiago Franco","Est. reading time":"1 minute"},"schema":{"@context":"https:\/\/schema.org","@graph":[{"@type":"Article","@id":"https:\/\/particularuniversal.pt\/open-call-para-artistas-em-residencia-em-castro-marim\/#article","isPartOf":{"@id":"https:\/\/particularuniversal.pt\/open-call-para-artistas-em-residencia-em-castro-marim\/"},"author":{"name":"Tiago Franco","@id":"https:\/\/particularuniversal.pt\/#\/schema\/person\/8c4f738d1703d5c6a91abdecbeac929e"},"headline":"Open Call para artistas em resid\u00eancia em Castro Marim","datePublished":"2023-01-10T17:38:53+00:00","dateModified":"2023-01-10T17:55:06+00:00","mainEntityOfPage":{"@id":"https:\/\/particularuniversal.pt\/open-call-para-artistas-em-residencia-em-castro-marim\/"},"wordCount":151,"publisher":{"@id":"https:\/\/particularuniversal.pt\/#organization"},"articleSection":["Not\u00edcias"],"inLanguage":"en-US"},{"@type":"WebPage","@id":"https:\/\/particularuniversal.pt\/open-call-para-artistas-em-residencia-em-castro-marim\/","url":"https:\/\/particularuniversal.pt\/open-call-para-artistas-em-residencia-em-castro-marim\/","name":"Open Call para artistas em resid\u00eancia em Castro Marim - Particular Universal - Associa&ccedil;&atilde;o","isPartOf":{"@id":"https:\/\/particularuniversal.pt\/#website"},"datePublished":"2023-01-10T17:38:53+00:00","dateModified":"2023-01-10T17:55:06+00:00","breadcrumb":{"@id":"https:\/\/particularuniversal.pt\/open-call-para-artistas-em-residencia-em-castro-marim\/#breadcrumb"},"inLanguage":"en-US","potentialAction":[{"@type":"ReadAction","target":["https:\/\/particularuniversal.pt\/open-call-para-artistas-em-residencia-em-castro-marim\/"]}]},{"@type":"BreadcrumbList","@id":"https:\/\/particularuniversal.pt\/open-call-para-artistas-em-residencia-em-castro-marim\/#breadcrumb","itemListElement":[{"@type":"ListItem","position":1,"name":"In\u00edcio","item":"https:\/\/particularuniversal.pt\/"},{"@type":"ListItem","position":2,"name":"Open Call para artistas em resid\u00eancia em Castro Marim"}]},{"@type":"WebSite","@id":"https:\/\/particularuniversal.pt\/#website","url":"https:\/\/particularuniversal.pt\/","name":"Particular Universal - Associa&ccedil;&atilde;o","description":"Identidade, Paisagem, Mem\u00f3ria, em Castro Marim","publisher":{"@id":"https:\/\/particularuniversal.pt\/#organization"},"potentialAction":[{"@type":"SearchAction","target":{"@type":"EntryPoint","urlTemplate":"https:\/\/particularuniversal.pt\/?s={search_term_string}"},"query-input":"required name=search_term_string"}],"inLanguage":"en-US"},{"@type":"Organization","@id":"https:\/\/particularuniversal.pt\/#organization","name":"Particular Universal","url":"https:\/\/particularuniversal.pt\/","logo":{"@type":"ImageObject","inLanguage":"en-US","@id":"https:\/\/particularuniversal.pt\/#\/schema\/logo\/image\/","url":"https:\/\/particularuniversal.pt\/wp-content\/uploads\/2021\/12\/cropped-Asset-5.png","contentUrl":"https:\/\/particularuniversal.pt\/wp-content\/uploads\/2021\/12\/cropped-Asset-5.png","width":512,"height":512,"caption":"Particular Universal"},"image":{"@id":"https:\/\/particularuniversal.pt\/#\/schema\/logo\/image\/"},"sameAs":["https:\/\/www.facebook.com\/particularuniversal","https:\/\/www.instagram.com\/particularuniversal\/"]},{"@type":"Person","@id":"https:\/\/particularuniversal.pt\/#\/schema\/person\/8c4f738d1703d5c6a91abdecbeac929e","name":"Tiago Franco","image":{"@type":"ImageObject","inLanguage":"en-US","@id":"https:\/\/particularuniversal.pt\/#\/schema\/person\/image\/","url":"https:\/\/secure.gravatar.com\/avatar\/1d8c94261df7cb74f8eebbbabc37a0d6cda41b5790d5bf58f5c7200fa50d49a8?s=96&d=mm&r=g","contentUrl":"https:\/\/secure.gravatar.com\/avatar\/1d8c94261df7cb74f8eebbbabc37a0d6cda41b5790d5bf58f5c7200fa50d49a8?s=96&d=mm&r=g","caption":"Tiago Franco"},"url":"https:\/\/particularuniversal.pt\/en\/author\/tiago\/"}]}},"_links":{"self":[{"href":"https:\/\/particularuniversal.pt\/en\/wp-json\/wp\/v2\/posts\/675","targetHints":{"allow":["GET"]}}],"collection":[{"href":"https:\/\/particularuniversal.pt\/en\/wp-json\/wp\/v2\/posts"}],"about":[{"href":"https:\/\/particularuniversal.pt\/en\/wp-json\/wp\/v2\/types\/post"}],"author":[{"embeddable":true,"href":"https:\/\/particularuniversal.pt\/en\/wp-json\/wp\/v2\/users\/2"}],"replies":[{"embeddable":true,"href":"https:\/\/particularuniversal.pt\/en\/wp-json\/wp\/v2\/comments?post=675"}],"version-history":[{"count":4,"href":"https:\/\/particularuniversal.pt\/en\/wp-json\/wp\/v2\/posts\/675\/revisions"}],"predecessor-version":[{"id":681,"href":"https:\/\/particularuniversal.pt\/en\/wp-json\/wp\/v2\/posts\/675\/revisions\/681"}],"wp:featuredmedia":[{"embeddable":true,"href":"https:\/\/particularuniversal.pt\/en\/wp-json\/wp\/v2\/media\/672"}],"wp:attachment":[{"href":"https:\/\/particularuniversal.pt\/en\/wp-json\/wp\/v2\/media?parent=675"}],"wp:term":[{"taxonomy":"category","embeddable":true,"href":"https:\/\/particularuniversal.pt\/en\/wp-json\/wp\/v2\/categories?post=675"},{"taxonomy":"post_tag","embeddable":true,"href":"https:\/\/particularuniversal.pt\/en\/wp-json\/wp\/v2\/tags?post=675"}],"curies":[{"name":"wp","href":"https:\/\/api.w.org\/{rel}","templated":true}]}}